{"id":1047,"date":"2025-05-27T16:52:59","date_gmt":"2025-05-27T14:52:59","guid":{"rendered":"https:\/\/au-naturel.org\/?p=1047"},"modified":"2025-05-28T08:16:54","modified_gmt":"2025-05-28T06:16:54","slug":"faut-il-vraiment-compter-ses-calories-pour-perdre-du-poids","status":"publish","type":"post","link":"https:\/\/au-naturel.org\/index.php\/2025\/05\/27\/faut-il-vraiment-compter-ses-calories-pour-perdre-du-poids\/","title":{"rendered":"Faut-il vraiment compter ses calories pour perdre du poids ?"},"content":{"rendered":"<h2 class=\"haut-3 vert\">Introduction<\/h2>\n<p>Compter ses calories est devenu un r\u00e9flexe pour quiconque veut perdre du poids. C\u2019est math\u00e9matique : je mange moins que ce que je d\u00e9pense, je maigris.<\/p>\n<p>Sur le papier, l\u2019id\u00e9e est s\u00e9duisante. Dans la pratique, elle est impr\u00e9cise, \u00e9puisante, et rarement efficace sur le long terme.<\/p>\n<p>Et pour cause : le concept m\u00eame de calorie appliqu\u00e9 \u00e0 la nutrition est rempli d\u2019<b>approximations<\/b>, de <b>simplifications<\/b>, et de <b>fausses promesses<\/b>. Voici pourquoi.<\/p>\n<h2 class=\"haut-3 vert\">1. La calorie : une unit\u00e9 mal adapt\u00e9e \u00e0 l&#8217;humain<\/h2>\n<p>\u00c0 l\u2019origine, une calorie (1 kcal) repr\u00e9sente la chaleur n\u00e9cessaire pour \u00e9lever la temp\u00e9rature d\u2019un litre d\u2019eau d\u2019un degr\u00e9.<br \/>\nRien \u00e0 voir avec la digestion humaine. Cette unit\u00e9 a \u00e9t\u00e9 invent\u00e9e au XIXe si\u00e8cle pour\u2026 \u00e9tudier des machines \u00e0 vapeur.<\/p>\n<p>Puis en 1887, un chimiste nomm\u00e9 <b>Wilbur Atwater<\/b> a d\u00e9cid\u00e9 de l\u2019appliquer \u00e0 l\u2019alimentation : un gramme de glucides ou de prot\u00e9ines = 4 kcal, un gramme de lipides = 9 kcal. Ce syst\u00e8me (4-4-9) est encore utilis\u00e9 aujourd\u2019hui.<\/p>\n<p><b>Probl\u00e8me : ces mesures ont \u00e9t\u00e9 faites en br\u00fblant des aliments dans une bombe calorim\u00e9trique<\/b>. Ce que produit l\u2019organisme humain n\u2019a rien \u00e0 voir avec une combustion compl\u00e8te en laboratoire.<\/p>\n<p><img loading=\"lazy\" decoding=\"async\" class=\"alignnone wp-image-1081 size-large\" src=\"https:\/\/au-naturel.org\/wp-content\/uploads\/2025\/05\/calorimetre-2-1024x832.jpg\" alt=\"Calorim\u00e8tre\" width=\"525\" height=\"427\" srcset=\"https:\/\/au-naturel.org\/wp-content\/uploads\/2025\/05\/calorimetre-2-1024x832.jpg 1024w, https:\/\/au-naturel.org\/wp-content\/uploads\/2025\/05\/calorimetre-2-300x244.jpg 300w, https:\/\/au-naturel.org\/wp-content\/uploads\/2025\/05\/calorimetre-2-768x624.jpg 768w, https:\/\/au-naturel.org\/wp-content\/uploads\/2025\/05\/calorimetre-2.jpg 1192w\" sizes=\"auto, (max-width: 525px) 100vw, 525px\" \/><\/p>\n<h2 class=\"haut-3 vert\">2. Une marge d\u2019erreur gigantesque<\/h2>\n<p>M\u00eame si on accepte cette base fragile, <b>les chiffres qu\u2019on vous donne sont faux<\/b> \u2014 ou plut\u00f4t approximatifs.<\/p>\n<p class=\"vert\"><b>Sur les apports :<\/b><\/p>\n<p>\u2022 Les tables nutritionnelles sont <b>des moyennes<\/b>, qui ne tiennent pas compte de la vari\u00e9t\u00e9, de la saison, du mode de cuisson, ou du type de culture\/\u00e9levage.<\/p>\n<p>\u2022 Les \u00e9tiquetages sont tol\u00e9r\u00e9s avec <b>une marge d\u2019erreur de 20 % en moyenne<\/b>.<br \/>\nOui, 20 %. Une barre \u00e0 200 kcal peut en contenir 240, sans que personne n\u2019y trouve \u00e0 redire.<\/p>\n<p>\u2022 Les aliments ne sont pas tous dig\u00e9r\u00e9s de la m\u00eame fa\u00e7on.<\/p>\n<p>\u2022 Une prot\u00e9ine ne vaut pas 4 kcal apr\u00e8s digestion : une partie est utilis\u00e9e pour produire de la chaleur (thermog\u00e9n\u00e8se).<\/p>\n<p class=\"vert\"><b>Sur les d\u00e9penses :<\/b><\/p>\n<p>\u2022 Les calculs ne tiennent pas compte de tout : temp\u00e9rature ext\u00e9rieure, stress, sommeil, digestion, masse musculaire, etc.<\/p>\n<p>\u2022 L\u2019estimation &#8220;1 kcal par kg et par km en course \u00e0 pied&#8221;, par exemple, est <b>ultra simplifi\u00e9e<\/b>.<\/p>\n<p>\u2022 Deux personnes de m\u00eame poids peuvent d\u00e9penser <b>jusqu\u2019\u00e0 30 % d\u2019\u00e9nergie en plus ou en moins<\/b> pour une m\u00eame t\u00e2che.<\/p>\n<h2 class=\"haut-3 vert\">3. Un mod\u00e8le contre-productif<\/h2>\n<p>\u00c0 force de suivre des r\u00e9gimes bas\u00e9s sur les calories, vous entrez dans le fameux effet yoyo :<br \/>\n1. Je mange moins \u2192 je perds du poids (graisse + muscle)<br \/>\n2. Mon m\u00e9tabolisme ralentit<br \/>\n3. Je craque \u2192 je reprends du poids, surtout sous forme de graisse<br \/>\n4. J\u2019ai un m\u00e9tabolisme plus bas qu\u2019avant, donc je regrossis plus vite<\/p>\n<p class=\"bas-4\"><b>Chaque cycle de ce type affaiblit la masse musculaire, renforce la masse grasse, et d\u00e9motive profond\u00e9ment<\/b>.<br \/>\nUne \u00e9tude sur les rats a montr\u00e9 que <b>chaque r\u00e9gime successif faisait perdre moins et regagner plus<\/b>. Et nous ne sommes pas diff\u00e9rents.<\/p>\n<p><img loading=\"lazy\" decoding=\"async\" class=\"alignnone wp-image-1078 size-large\" src=\"https:\/\/au-naturel.org\/wp-content\/uploads\/2025\/05\/effet-yoyo-2-718x1024.jpg\" alt=\"R\u00e9gimes hypocaloriques effet yoyo\" width=\"525\" height=\"749\" srcset=\"https:\/\/au-naturel.org\/wp-content\/uploads\/2025\/05\/effet-yoyo-2-718x1024.jpg 718w, https:\/\/au-naturel.org\/wp-content\/uploads\/2025\/05\/effet-yoyo-2-210x300.jpg 210w, https:\/\/au-naturel.org\/wp-content\/uploads\/2025\/05\/effet-yoyo-2-768x1095.jpg 768w, https:\/\/au-naturel.org\/wp-content\/uploads\/2025\/05\/effet-yoyo-2.jpg 884w\" sizes=\"auto, (max-width: 525px) 100vw, 525px\" \/><\/p>\n<h2 class=\"haut-3 vert\">4. Une strat\u00e9gie intenable au quotidien<\/h2>\n<p>Compter les calories, c\u2019est :<br \/>\n\u2022 peser chaque aliment<br \/>\n\u2022 rentrer les donn\u00e9es dans une application<br \/>\n\u2022 estimer les cuissons, sauces, portions oubli\u00e9es<br \/>\n\u2022 recalculer apr\u00e8s chaque sortie ou \u00e9cart&#8230;<\/p>\n<p>Combien de temps tiendrez-vous cette gymnastique mentale et logistique ?<br \/>\nSoyons honn\u00eates : <b>ce n\u2019est pas tenable pour 99 % des gens sur la dur\u00e9e<\/b>.<\/p>\n<h2 class=\"haut-3 vert\">5. Une alternative plus intelligente : la qualit\u00e9 avant la quantit\u00e9<\/h2>\n<p><b>Non, il ne suffit pas de manger moins.<br \/>\nIl faut manger mieux<\/b>. Et cela ne passe pas par les chiffres, mais par le choix des bons nutriments, au bon moment.<\/p>\n<p class=\"bas-4\">Prenons deux menus de 2033 kcal :<br \/>\n<b>\u2022 Menu 1 : 9 barres chocolat\u00e9es<\/b><br \/>\nLipides : 75 g | Prot\u00e9ines : 18 g | Glucides : 318 g (dont 280 g de sucres)<br \/>\n<b>\u2022 Menu 2 : des repas \u00e9quilibr\u00e9s sur la journ\u00e9e<\/b><br \/>\nLipides : 88 g | Prot\u00e9ines : 138 g | Glucides : 170 g (dont 19 g de sucres)<\/p>\n<p><img loading=\"lazy\" decoding=\"async\" class=\"bas-4 alignnone size-large wp-image-1079\" src=\"https:\/\/au-naturel.org\/wp-content\/uploads\/2025\/05\/calories-2-881x1024.jpg\" alt=\"Comparaisons 2 menus m\u00eame nombre de calories\" width=\"525\" height=\"610\" srcset=\"https:\/\/au-naturel.org\/wp-content\/uploads\/2025\/05\/calories-2-881x1024.jpg 881w, https:\/\/au-naturel.org\/wp-content\/uploads\/2025\/05\/calories-2-258x300.jpg 258w, https:\/\/au-naturel.org\/wp-content\/uploads\/2025\/05\/calories-2-768x892.jpg 768w, https:\/\/au-naturel.org\/wp-content\/uploads\/2025\/05\/calories-2.jpg 1198w\" sizes=\"auto, (max-width: 525px) 100vw, 525px\" \/><br \/>\n<b>=&gt; M\u00eame total calorique. Mais deux mondes diff\u00e9rents en termes de r\u00e9sultats sur la composition corporelle, la sati\u00e9t\u00e9, et la sant\u00e9 m\u00e9tabolique.<\/b><\/p>\n<h2 class=\"haut-3 vert\">Conclusion : arr\u00eatez de compter, commencez \u00e0 comprendre.<\/h2>\n<p class=\"bas-1\">Le probl\u00e8me, ce ne sont pas les calories. C\u2019est la place qu\u2019on leur donne.<br \/>\n\u00c0 force de se focaliser sur des chiffres impr\u00e9cis, on oublie l\u2019essentiel : le fonctionnement de notre corps est plus compliqu\u00e9 qu&#8217;une machine \u00e0 br\u00fbler du carburant, et il m\u00e9rite mieux qu\u2019une addition approximative.<br \/>\nCommencez par choisir des aliments de qualit\u00e9, adaptez-les \u00e0 vos besoins, \u00e0 votre activit\u00e9, \u00e0 votre rythme. Et laissez tomber la balance et la calculatrice.<\/p>\n<p><img loading=\"lazy\" decoding=\"async\" class=\"bas-1 alignnone size-large wp-image-1080\" src=\"https:\/\/au-naturel.org\/wp-content\/uploads\/2025\/05\/alimentation-equilibree-2-696x1024.jpg\" alt=\"Alimentation \u00e9quilibr\u00e9e\" width=\"525\" height=\"772\" srcset=\"https:\/\/au-naturel.org\/wp-content\/uploads\/2025\/05\/alimentation-equilibree-2-696x1024.jpg 696w, https:\/\/au-naturel.org\/wp-content\/uploads\/2025\/05\/alimentation-equilibree-2-204x300.jpg 204w, https:\/\/au-naturel.org\/wp-content\/uploads\/2025\/05\/alimentation-equilibree-2-768x1131.jpg 768w, https:\/\/au-naturel.org\/wp-content\/uploads\/2025\/05\/alimentation-equilibree-2.jpg 894w\" sizes=\"auto, (max-width: 525px) 100vw, 525px\" \/><\/p>\n<h2 class=\"haut-3 vert\">Pour aller plus loin :<\/h2>\n<p>Vous en avez assez de compter chaque bouch\u00e9e sans r\u00e9sultat durable ?<br \/>\nMon livre <a class=\"vert\" href=\"https:\/\/www.amazon.fr\/Perdez-gras-sans-compter-calories\/dp\/B09FRZZVY9\" target=\"_blank\" rel=\"noopener noreferrer\">Perdez du gras sans compter vos calories<\/a> vous guide pas \u00e0 pas vers une approche bien plus efficace, centr\u00e9e sur la qualit\u00e9, pas sur la frustration.<\/p>\n<p><a href=\"https:\/\/www.amazon.fr\/Perdez-gras-sans-compter-calories\/dp\/B09FRZZVY9\" target=\"_blank\" rel=\"noopener noreferrer\"><img loading=\"lazy\" decoding=\"async\" class=\"alignnone wp-image-968 size-medium\" src=\"https:\/\/au-naturel.org\/wp-content\/uploads\/2025\/05\/Perdez-du-gras-sans-compter-vos-calories-couv-205x300.jpg\" alt=\"Perdez du gras sans compter vos calories\" width=\"205\" height=\"300\" srcset=\"https:\/\/au-naturel.org\/wp-content\/uploads\/2025\/05\/Perdez-du-gras-sans-compter-vos-calories-couv-205x300.jpg 205w, https:\/\/au-naturel.org\/wp-content\/uploads\/2025\/05\/Perdez-du-gras-sans-compter-vos-calories-couv-699x1024.jpg 699w, https:\/\/au-naturel.org\/wp-content\/uploads\/2025\/05\/Perdez-du-gras-sans-compter-vos-calories-couv-768x1125.jpg 768w, https:\/\/au-naturel.org\/wp-content\/uploads\/2025\/05\/Perdez-du-gras-sans-compter-vos-calories-couv.jpg 950w\" sizes=\"auto, (max-width: 205px) 100vw, 205px\" \/><\/a><\/p>\n<p>Et si vous souhaitez un accompagnement sur-mesure, je propose des <strong>plans alimentaires personnalis\u00e9s<\/strong> en consultation, construits autour de vos habitudes, vos contraintes et vos objectifs : <a class=\"vert\" href=\"https:\/\/au-naturel.org\/index.php\/les-rendez-vous-nutrition\/\" target=\"_blank\" rel=\"noopener noreferrer\">Voir la m\u00e9thode personnalis\u00e9e<\/a><\/p>\n<p><img loading=\"lazy\" decoding=\"async\" class=\"alignnone size-medium wp-image-730\" src=\"https:\/\/au-naturel.org\/wp-content\/uploads\/2025\/02\/Plan-alimentaire-300x300.jpg\" alt=\"Plan alimentaire personnalis\u00e9\" width=\"300\" height=\"300\" srcset=\"https:\/\/au-naturel.org\/wp-content\/uploads\/2025\/02\/Plan-alimentaire-300x300.jpg 300w, https:\/\/au-naturel.org\/wp-content\/uploads\/2025\/02\/Plan-alimentaire-150x150.jpg 150w, https:\/\/au-naturel.org\/wp-content\/uploads\/2025\/02\/Plan-alimentaire-768x768.jpg 768w, https:\/\/au-naturel.org\/wp-content\/uploads\/2025\/02\/Plan-alimentaire-75x75.jpg 75w, https:\/\/au-naturel.org\/wp-content\/uploads\/2025\/02\/Plan-alimentaire-100x100.jpg 100w, https:\/\/au-naturel.org\/wp-content\/uploads\/2025\/02\/Plan-alimentaire.jpg 1000w\" sizes=\"auto, (max-width: 300px) 100vw, 300px\" \/><\/p>\n<p class=\"bas-4\"><strong>Pr\u00eat\u00b7e \u00e0 passer \u00e0 l\u2019action ? <a class=\"vert\" href=\"https:\/\/au-naturel.org\/index.php\/rendez-vous-en-cabinet\/\" target=\"_blank\" rel=\"noopener noreferrer\">Prenez rendez-vous ici<\/a><\/strong><\/p>\n","protected":false},"excerpt":{"rendered":"<p>Introduction Compter ses calories est devenu un r\u00e9flexe pour quiconque veut perdre du poids. C\u2019est math\u00e9matique : je mange moins que ce que je d\u00e9pense, je maigris. Sur le papier, l\u2019id\u00e9e est s\u00e9duisante. Dans la pratique, elle est impr\u00e9cise, \u00e9puisante, et rarement efficace sur le long terme. Et pour cause : le concept m\u00eame de &hellip; <\/p>\n<div class=\"link-more text-center\"><a href=\"https:\/\/au-naturel.org\/index.php\/2025\/05\/27\/faut-il-vraiment-compter-ses-calories-pour-perdre-du-poids\/\" class=\"more-link py-2 px-4\">Read More<span class=\"screen-reader-text\"> &#8220;Faut-il vraiment compter ses calories pour perdre du poids ?&#8221;<\/span><\/a><\/div>\n <a class=\"more-link\" href=\"https:\/\/au-naturel.org\/index.php\/2025\/05\/27\/faut-il-vraiment-compter-ses-calories-pour-perdre-du-poids\/\">Lire plus<\/a>","protected":false},"author":1,"featured_media":1081,"comment_status":"closed","ping_status":"closed","sticky":false,"template":"","format":"standard","meta":{"footnotes":""},"categories":[12],"tags":[],"class_list":["post-1047","post","type-post","status-publish","format-standard","has-post-thumbnail","hentry","category-nutrition-micronutrition"],"_links":{"self":[{"href":"https:\/\/au-naturel.org\/index.php\/wp-json\/wp\/v2\/posts\/1047","targetHints":{"allow":["GET"]}}],"collection":[{"href":"https:\/\/au-naturel.org\/index.php\/wp-json\/wp\/v2\/posts"}],"about":[{"href":"https:\/\/au-naturel.org\/index.php\/wp-json\/wp\/v2\/types\/post"}],"author":[{"embeddable":true,"href":"https:\/\/au-naturel.org\/index.php\/wp-json\/wp\/v2\/users\/1"}],"replies":[{"embeddable":true,"href":"https:\/\/au-naturel.org\/index.php\/wp-json\/wp\/v2\/comments?post=1047"}],"version-history":[{"count":44,"href":"https:\/\/au-naturel.org\/index.php\/wp-json\/wp\/v2\/posts\/1047\/revisions"}],"predecessor-version":[{"id":1103,"href":"https:\/\/au-naturel.org\/index.php\/wp-json\/wp\/v2\/posts\/1047\/revisions\/1103"}],"wp:featuredmedia":[{"embeddable":true,"href":"https:\/\/au-naturel.org\/index.php\/wp-json\/wp\/v2\/media\/1081"}],"wp:attachment":[{"href":"https:\/\/au-naturel.org\/index.php\/wp-json\/wp\/v2\/media?parent=1047"}],"wp:term":[{"taxonomy":"category","embeddable":true,"href":"https:\/\/au-naturel.org\/index.php\/wp-json\/wp\/v2\/categories?post=1047"},{"taxonomy":"post_tag","embeddable":true,"href":"https:\/\/au-naturel.org\/index.php\/wp-json\/wp\/v2\/tags?post=1047"}],"curies":[{"name":"wp","href":"https:\/\/api.w.org\/{rel}","templated":true}]}}